{"id":4003,"date":"2025-03-16T20:45:04","date_gmt":"2025-03-16T19:45:04","guid":{"rendered":"http:\/\/www.spvgg-freising.de\/?p=4003"},"modified":"2025-03-16T20:45:04","modified_gmt":"2025-03-16T19:45:04","slug":"spvgg-freising-ist-stolz-auf-nachwuchstalent-emil-wex","status":"publish","type":"post","link":"http:\/\/www.spvgg-freising.de\/?p=4003","title":{"rendered":"SpVgg Freising ist stolz auf Nachwuchstalent Emil Wex"},"content":{"rendered":"\n<p>Autor: Ritschy Schuhb\u00f6ck<\/p>\n\n\n\n<p class=\"MsoNormal\">Emil Wex holt Platz 5 bei der Deutschen A-Jugend-Meisterschaft in Werdau (Sachsen)&nbsp;<\/p>\n\n\n\n<figure class=\"wp-block-image size-large\"><img fetchpriority=\"high\" decoding=\"async\" width=\"225\" height=\"300\" src=\"http:\/\/www.spvgg-freising.de\/wp-content\/uploads\/2025\/03\/betreuer-oliver-straub-und-ringer-emil-wex-1-225x300.jpg\" class=\"wp-image-4002\" srcset=\"http:\/\/www.spvgg-freising.de\/wp-content\/uploads\/2025\/03\/betreuer-oliver-straub-und-ringer-emil-wex-1-225x300.jpg 225w, http:\/\/www.spvgg-freising.de\/wp-content\/uploads\/2025\/03\/betreuer-oliver-straub-und-ringer-emil-wex-1.jpg 480w\" sizes=\"(max-width: 225px) 100vw, 225px\" \/><figcaption class=\"wp-element-caption\"><br>Auf dem Foto strahlen Betreuer Oliver Straub und Emil Wex&nbsp;\u00fcber Platz 5 bei Emil\u2019s erster DM-Teilnahme. <\/figcaption><\/figure>\n\n\n\n<p class=\"MsoNormal\">Durch seine Ergebnisse bei den Bayerischen Meisterschaften in der Gewichtsklasse bis 110kg wurde Emil f\u00fcr die Deutschen Meisterschaften in Werdau nominiert.&nbsp;<\/p>\n\n\n\n<p class=\"MsoNormal\">Schon alleine die Teilnahme an einer Deutschen A-Jugendmeisterschaft mu\u00df als gro\u00dfer Erfolg f\u00fcr das Freisinger Nachwuchstalent angesehen werden. Verbunden mit der Teilnahme am Vorbereitungslehrgang in der Sportschule Oberhaching war alles eine gro\u00dfe Erfahrung f\u00fcr Emil und das er dann noch mit zwei Siegen aus Werdau zur\u00fcckkehrt, ist mehr als gro\u00dfartig !!&nbsp;<\/p>\n\n\n\n<p class=\"MsoNormal\">Im ersten Kampf gegen Faramarzi Danial aus Berlin (4.Platz) war Emil noch sichtlich nerv\u00f6s und hat nicht das gezeigt was er drauf hat, und mu\u00dfte den Kampf mit einer \u00fcberlegenen Punktniederlage abgeben. Im zweiten Kampf zeigte er dann sein gro\u00dfes K\u00e4mpferherz und gewann gegen Hannes Finke aus Wolfhagen mit 4:2 Punkten. &nbsp;<\/p>\n\n\n\n<p class=\"MsoNormal\">Gegen den sp\u00e4teren Deutschen Meister Alpay Eser aus Kornwestheim zeigte Emil gute Ans\u00e4tze und traute sich auch eigene Aktionen zu, mu\u00dfte aber anerkennen das der Gegner einfach zu stark war und ging mit&nbsp;0:11&nbsp;Punkten mit einer Niederlage von der Matte. &nbsp;<\/p>\n\n\n\n<p class=\"MsoNormal\">Jetzt war Emil PoolDritter und rang gegen Yakup Cevik aus Hamburg um Platz 5 und 6.&nbsp;<\/p>\n\n\n\n<p class=\"MsoNormal\">Anfangs war Emil wieder sichtlich nerv\u00f6s, und mu\u00dfte einen 0:6 R\u00fcckstand hinnehmen. Dann zeigte er aber was in Ihm steckt und ging mit zwei sch\u00f6nen Aktionen mit 8:6 in F\u00fchrung und schulterte seinen Gegner. (unter dem Jubel von Betreuer Oliver Straub der das Wochenende geopfert hat um Emil in Werdau zu betreuen !!)&nbsp;<\/p>\n\n\n\n<p class=\"MsoNormal\">&nbsp;<\/p>\n\n\n\n<p class=\"MsoNormal\">Die Sportvereinigung Freising ist sehr stolz auf diese Leistung und nachdem Emil noch ein paar Jahre in der A-Jugend hat, ist das Ziel einer Medaille in den n\u00e4chsten Jahren zu holen sicher nicht unm\u00f6glich.<\/p>\n\n\n\n<p class=\"MsoNormal\">\u00a0<\/p>\n","protected":false},"excerpt":{"rendered":"<p>Autor: Ritschy Schuhb\u00f6ck Emil Wex holt Platz 5 bei der Deutschen A-Jugend-Meisterschaft in Werdau (Sachsen)&nbsp; Durch seine Ergebnisse bei den Bayerischen Meisterschaften in der Gewichtsklasse bis 110kg wurde Emil f\u00fcr [&hellip;]<\/p>\n","protected":false},"author":6,"featured_media":0,"comment_status":"closed","ping_status":"open","sticky":false,"template":"","format":"standard","meta":{"ngg_post_thumbnail":0,"_EventAllDay":false,"_EventTimezone":"","_EventStartDate":"","_EventEndDate":"","_EventStartDateUTC":"","_EventEndDateUTC":"","_EventShowMap":false,"_EventShowMapLink":false,"_EventURL":"","_EventCost":"","_EventCostDescription":"","_EventCurrencySymbol":"","_EventCurrencyCode":"","_EventCurrencyPosition":"","_EventDateTimeSeparator":"","_EventTimeRangeSeparator":"","_EventOrganizerID":[],"_EventVenueID":[],"_OrganizerEmail":"","_OrganizerPhone":"","_OrganizerWebsite":"","_VenueAddress":"","_VenueCity":"","_VenueCountry":"","_VenueProvince":"","_VenueState":"","_VenueZip":"","_VenuePhone":"","_VenueURL":"","_VenueStateProvince":"","_VenueLat":"","_VenueLng":"","_VenueShowMap":false,"_VenueShowMapLink":false,"_jetpack_memberships_contains_paid_content":false,"footnotes":""},"categories":[1],"tags":[],"class_list":["post-4003","post","type-post","status-publish","format-standard","hentry","category-allgemein"],"jetpack_featured_media_url":"","jetpack_sharing_enabled":true,"featured_media_urls":[],"_links":{"self":[{"href":"http:\/\/www.spvgg-freising.de\/index.php?rest_route=\/wp\/v2\/posts\/4003","targetHints":{"allow":["GET"]}}],"collection":[{"href":"http:\/\/www.spvgg-freising.de\/index.php?rest_route=\/wp\/v2\/posts"}],"about":[{"href":"http:\/\/www.spvgg-freising.de\/index.php?rest_route=\/wp\/v2\/types\/post"}],"author":[{"embeddable":true,"href":"http:\/\/www.spvgg-freising.de\/index.php?rest_route=\/wp\/v2\/users\/6"}],"replies":[{"embeddable":true,"href":"http:\/\/www.spvgg-freising.de\/index.php?rest_route=%2Fwp%2Fv2%2Fcomments&post=4003"}],"version-history":[{"count":1,"href":"http:\/\/www.spvgg-freising.de\/index.php?rest_route=\/wp\/v2\/posts\/4003\/revisions"}],"predecessor-version":[{"id":4004,"href":"http:\/\/www.spvgg-freising.de\/index.php?rest_route=\/wp\/v2\/posts\/4003\/revisions\/4004"}],"wp:attachment":[{"href":"http:\/\/www.spvgg-freising.de\/index.php?rest_route=%2Fwp%2Fv2%2Fmedia&parent=4003"}],"wp:term":[{"taxonomy":"category","embeddable":true,"href":"http:\/\/www.spvgg-freising.de\/index.php?rest_route=%2Fwp%2Fv2%2Fcategories&post=4003"},{"taxonomy":"post_tag","embeddable":true,"href":"http:\/\/www.spvgg-freising.de\/index.php?rest_route=%2Fwp%2Fv2%2Ftags&post=4003"}],"curies":[{"name":"wp","href":"https:\/\/api.w.org\/{rel}","templated":true}]}}