{"id":4006,"date":"2025-04-09T15:41:05","date_gmt":"2025-04-09T13:41:05","guid":{"rendered":"http:\/\/www.spvgg-freising.de\/?p=4006"},"modified":"2025-04-09T15:41:05","modified_gmt":"2025-04-09T13:41:05","slug":"presse-wir-sind-sehr-stolz-auf-seine-leistung","status":"publish","type":"post","link":"http:\/\/www.spvgg-freising.de\/?p=4006","title":{"rendered":"Presse: Wir sind sehr stolz auf seine Leistung"},"content":{"rendered":"\n<p>2025, Freisinger Tagblatt \/ Lokalsport<\/p>\n\n\n\n<p>RINGEN | Autor: BERND HEINZINGER<\/p>\n\n\n\n<p>\u201eWir sind sehr stolz auf seine Leistung&#8220;<\/p>\n\n\n\n<p>Emil Wex feiert mit Platz f\u00fcnf bei den deutschen Meisterschaften einen gro\u00dfen Erfolg<\/p>\n\n\n\n<figure class=\"wp-block-image size-large\"><img fetchpriority=\"high\" decoding=\"async\" width=\"290\" height=\"300\" src=\"http:\/\/www.spvgg-freising.de\/wp-content\/uploads\/2025\/04\/img_4505-1-290x300.jpg\" class=\"wp-image-4005\" srcset=\"http:\/\/www.spvgg-freising.de\/wp-content\/uploads\/2025\/04\/img_4505-1-290x300.jpg 290w, http:\/\/www.spvgg-freising.de\/wp-content\/uploads\/2025\/04\/img_4505-1.jpg 929w\" sizes=\"(max-width: 290px) 100vw, 290px\" \/><figcaption class=\"wp-element-caption\">Ein erfolgreiches Team: Ringer Emil Wex (r.) mit seinem Betreuer Oliver Straub. \u00a9 Verein<\/figcaption><\/figure>\n\n\n\n<p>Werdau\/Freising &#8211; Einen sch\u00f6nen Erfolg schaffte der Freisinger Ringer Emil Wex bei den deutschen Meisterschaften der A-Jugendlichen in Werdau in<\/p>\n\n\n\n<p>Sachsen. In der Klasse bis 110 Kilo beendete der 15-J\u00e4hrige die Titelk\u00e4mpfe auf dem f\u00fcnften Platz und sorgte damit f\u00fcr Begeisterung in der Domstadt.<\/p>\n\n\n\n<p>SpVgg-Trainer Richard Schuhb\u00f6ck: \u201eWir sind sehr stolz auf seine Leistung.&#8220; Zumal Wex aufgrund seines Alters noch einige Jahre in der A-Jugend verbleibe und daher eine Medaille in der Zukunft nicht unm\u00f6glich erscheine.<\/p>\n\n\n\n<p>Im ersten Kampf gegen Faramarzi Danial aus Berlin startete Emil Wex noch sichtlich nerv\u00f6s und brachte nicht sein volles Leistungspotenzial auf die Matte. Daher unterlag er vorzeitig gegen den sp\u00e4teren Vierten. Anschlie\u00dfend aber pr\u00e4sentierte der Freisinger sein gro\u00dfes K\u00e4mpferherz und setzte sich mit 4:2 Punkten gegen Hannes Fink aus Wolfhagen durch. Nun wartete der sp\u00e4tere Deutsche Meister Alpay Eser (Kornwestheim). Emil Wex gab zwar sein Bestes und versuchte einige Aktionen. Letztlich war der gro\u00dfe Favorit allerdings eine Nummer zu gro\u00df, und am Ende stand es 0:11 aus Sicht des SpVgg Athleten.<\/p>\n\n\n\n<p>Damit hatte der 15-J\u00e4hrige den dritten Rang in seinem Pool erreicht. Nun ging es gegen Yakup Cevic (Hamburg) um Platz f\u00fcnf oder sechs. Der Kampf startete schlecht f\u00fcr den Freisinger, bald lag er mit 0:6 Z\u00e4hlern hinten. Dann aber steigerte sich Wex und brachte zwei sch\u00f6ne Aktionen durch zur 8:6-F\u00fchrung. Anschlie\u00dfend schulterte er seinen Kontrahenten sogar &#8211; und der Jubel bei ihm und seinem Betreuer Oliver Straub war riesig. Schuhb\u00f6ck be-tont: \u201eSchon seine Teilnahme war ein gro\u00dfer Erfolg. Dass Emil Wex dann auch noch mit zwei Siegen aus Werdau zur\u00fcckgekehrt ist, ist mehr als gro\u00dfartig.<\/p>\n\n\n\n<p>BERND HEINZINGER<\/p>\n","protected":false},"excerpt":{"rendered":"<p>2025, Freisinger Tagblatt \/ Lokalsport RINGEN | Autor: BERND HEINZINGER \u201eWir sind sehr stolz auf seine Leistung&#8220; Emil Wex feiert mit Platz f\u00fcnf bei den deutschen Meisterschaften einen gro\u00dfen Erfolg [&hellip;]<\/p>\n","protected":false},"author":6,"featured_media":0,"comment_status":"closed","ping_status":"open","sticky":false,"template":"","format":"standard","meta":{"ngg_post_thumbnail":0,"_EventAllDay":false,"_EventTimezone":"","_EventStartDate":"","_EventEndDate":"","_EventStartDateUTC":"","_EventEndDateUTC":"","_EventShowMap":false,"_EventShowMapLink":false,"_EventURL":"","_EventCost":"","_EventCostDescription":"","_EventCurrencySymbol":"","_EventCurrencyCode":"","_EventCurrencyPosition":"","_EventDateTimeSeparator":"","_EventTimeRangeSeparator":"","_EventOrganizerID":[],"_EventVenueID":[],"_OrganizerEmail":"","_OrganizerPhone":"","_OrganizerWebsite":"","_VenueAddress":"","_VenueCity":"","_VenueCountry":"","_VenueProvince":"","_VenueState":"","_VenueZip":"","_VenuePhone":"","_VenueURL":"","_VenueStateProvince":"","_VenueLat":"","_VenueLng":"","_VenueShowMap":false,"_VenueShowMapLink":false,"_jetpack_memberships_contains_paid_content":false,"footnotes":""},"categories":[1],"tags":[],"class_list":["post-4006","post","type-post","status-publish","format-standard","hentry","category-allgemein"],"jetpack_featured_media_url":"","jetpack_sharing_enabled":true,"featured_media_urls":[],"_links":{"self":[{"href":"http:\/\/www.spvgg-freising.de\/index.php?rest_route=\/wp\/v2\/posts\/4006","targetHints":{"allow":["GET"]}}],"collection":[{"href":"http:\/\/www.spvgg-freising.de\/index.php?rest_route=\/wp\/v2\/posts"}],"about":[{"href":"http:\/\/www.spvgg-freising.de\/index.php?rest_route=\/wp\/v2\/types\/post"}],"author":[{"embeddable":true,"href":"http:\/\/www.spvgg-freising.de\/index.php?rest_route=\/wp\/v2\/users\/6"}],"replies":[{"embeddable":true,"href":"http:\/\/www.spvgg-freising.de\/index.php?rest_route=%2Fwp%2Fv2%2Fcomments&post=4006"}],"version-history":[{"count":1,"href":"http:\/\/www.spvgg-freising.de\/index.php?rest_route=\/wp\/v2\/posts\/4006\/revisions"}],"predecessor-version":[{"id":4007,"href":"http:\/\/www.spvgg-freising.de\/index.php?rest_route=\/wp\/v2\/posts\/4006\/revisions\/4007"}],"wp:attachment":[{"href":"http:\/\/www.spvgg-freising.de\/index.php?rest_route=%2Fwp%2Fv2%2Fmedia&parent=4006"}],"wp:term":[{"taxonomy":"category","embeddable":true,"href":"http:\/\/www.spvgg-freising.de\/index.php?rest_route=%2Fwp%2Fv2%2Fcategories&post=4006"},{"taxonomy":"post_tag","embeddable":true,"href":"http:\/\/www.spvgg-freising.de\/index.php?rest_route=%2Fwp%2Fv2%2Ftags&post=4006"}],"curies":[{"name":"wp","href":"https:\/\/api.w.org\/{rel}","templated":true}]}}